{"id":463,"date":"2011-01-04T20:22:58","date_gmt":"2011-01-04T19:22:58","guid":{"rendered":"http:\/\/underground.noblogs.org\/?p=463"},"modified":"2012-01-11T19:24:37","modified_gmt":"2012-01-11T18:24:37","slug":"brembate-dopo-il-capro-espiatorio-marocchino-si-cerca-quello-rom","status":"publish","type":"post","link":"https:\/\/underground.noblogs.org\/?p=463","title":{"rendered":"Brembate, dopo il capro espiatorio marocchino, si cerca quello Rom"},"content":{"rendered":"<p><a href=\"https:\/\/underground.noblogs.org\/files\/2010\/12\/marocchiny.jpg\"><img loading=\"lazy\" decoding=\"async\" class=\"alignleft size-thumbnail wp-image-390\" src=\"https:\/\/underground.noblogs.org\/files\/2010\/12\/marocchiny-150x150.jpg\" alt=\"\" width=\"150\" height=\"150\" \/><\/a>Milano, 3 gennaio 2011. &#8220;Allertata l&#8217;Interpool: si cerca Yara nei  campi Rom&#8221;: la notizia \u00e8 stata pubblicata con grande visibilit\u00e0 da tutti  i quotidiani italiani, anche se non vi \u00e8 alcun elemento per ritenere  verosimile la ricerca della ragazzina di Brembate nei pochissimi  insediamenti Rom rimasti nel nord Italia. <!--more-->Al di l\u00e0 della scelta dei  responsabili dei media italiani, \u00e8 importante riflettere su questa nuova  e apparentemente irrazionale svolta delle indagini, che ricordano  quelle riguardanti il caso Denise Pipitone e le tante &#8220;cacce al Rom&#8221; che  si sono svolte negli anni scorsi, spesso in prossimit\u00e0  dell&#8217;approvazione di norme-sicurezza scritte per dare una  giustificazione legale alla persecuzione dei Rom (e delle altre  minoranze etniche e razziali).  La nuova campagna stampa rappresenta una  gravissima azione discriminatoria contro il popolo Rom.<br \/>\nSi ricorda che un mese fa \u00e8 scomparsa una ragazzina a Brembate (BG).  All&#8217;inizio, inspiegabilmente, le autorit\u00e0 hanno accusato del rapimento  (specificando che a loro parere si sarebbe trattato di omicidio,  nonostante non vi fosse alcun cadavere) un marocchino, risultato poi  innocente. Hanno anche denunciato per false dichiarazioni un testimone  che invece l&#8217;aveva vista in compagnia di due uomini vicini a un&#8217;auto  rossa. Dopo la liberazione del marocchino, le autorit\u00e0 hanno dichiarato  che forse la giovane potesse essere ancora viva. Ora si cerca un  colpevole Rom, come avvenne per il caso di Giovanna Reggiani, come  avviene spesso, nel nostro paese, da qualche anno. In Italia pare  proprio che si farebbe qualsiasi cosa per identificare in Rom o migranti  il capro espiatorio di tutti i mali. Gli attivisti per i diritti umani e  le (poche) persone che non si nutrono di pregiudizi e odio razziale  devono vigilare ed evitare, monitorando il corso delle indagini e della  campagna stampa, che si cerchi (o si costruisca a tavolino) il profilo  di un altro &#8220;Romulus Mailat&#8221;, di un altro &#8220;zingaro rapitore&#8221;. Le  autorit\u00e0 scoprano, invece, cosa davvero \u00e8 accaduto a Yara e perch\u00e9 si  stia cercando di costruire intorno alla sua misteriosa e inquietante  scomparsa una campagna discriminatoria contro le minoranze etniche e  razziali.<\/p>\n<p>EveryOne Group<\/p>\n<address><a title=\"www.everyonegroup.com\" href=\"http:\/\/www.everyonegroup.com\/\">info@everyonegroup.com<\/a> &#8211; <a title=\"www.everyonegroup.com\" href=\"http:\/\/www.everyonegroup.com\/\">www.everyonegroup.com<\/a><\/address>\n","protected":false},"excerpt":{"rendered":"<p>Milano, 3 gennaio 2011. &#8220;Allertata l&#8217;Interpool: si cerca Yara nei campi Rom&#8221;: la notizia \u00e8 stata pubblicata con grande visibilit\u00e0 da tutti i quotidiani italiani, anche se non vi \u00e8 alcun elemento per ritenere verosimile la ricerca della ragazzina di Brembate nei pochissimi insediamenti Rom rimasti nel nord Italia.<\/p>\n","protected":false},"author":857,"featured_media":0,"comment_status":"closed","ping_status":"open","sticky":false,"template":"","format":"standard","meta":{"footnotes":""},"categories":[6],"tags":[25],"class_list":["post-463","post","type-post","status-publish","format-standard","hentry","category-notizie-dai-media","tag-repressione"],"_links":{"self":[{"href":"https:\/\/underground.noblogs.org\/index.php?rest_route=\/wp\/v2\/posts\/463","targetHints":{"allow":["GET"]}}],"collection":[{"href":"https:\/\/underground.noblogs.org\/index.php?rest_route=\/wp\/v2\/posts"}],"about":[{"href":"https:\/\/underground.noblogs.org\/index.php?rest_route=\/wp\/v2\/types\/post"}],"author":[{"embeddable":true,"href":"https:\/\/underground.noblogs.org\/index.php?rest_route=\/wp\/v2\/users\/857"}],"replies":[{"embeddable":true,"href":"https:\/\/underground.noblogs.org\/index.php?rest_route=%2Fwp%2Fv2%2Fcomments&post=463"}],"version-history":[{"count":6,"href":"https:\/\/underground.noblogs.org\/index.php?rest_route=\/wp\/v2\/posts\/463\/revisions"}],"predecessor-version":[{"id":1548,"href":"https:\/\/underground.noblogs.org\/index.php?rest_route=\/wp\/v2\/posts\/463\/revisions\/1548"}],"wp:attachment":[{"href":"https:\/\/underground.noblogs.org\/index.php?rest_route=%2Fwp%2Fv2%2Fmedia&parent=463"}],"wp:term":[{"taxonomy":"category","embeddable":true,"href":"https:\/\/underground.noblogs.org\/index.php?rest_route=%2Fwp%2Fv2%2Fcategories&post=463"},{"taxonomy":"post_tag","embeddable":true,"href":"https:\/\/underground.noblogs.org\/index.php?rest_route=%2Fwp%2Fv2%2Ftags&post=463"}],"curies":[{"name":"wp","href":"https:\/\/api.w.org\/{rel}","templated":true}]}}