{"id":785,"date":"2011-05-08T14:33:27","date_gmt":"2011-05-08T12:33:27","guid":{"rendered":"http:\/\/underground.noblogs.org\/?p=785"},"modified":"2012-01-10T13:29:15","modified_gmt":"2012-01-10T12:29:15","slug":"brignano-gera-dadda-sciopero-dei-lavoratori-della-logistica-kn-non-e-che-linizio","status":"publish","type":"post","link":"https:\/\/underground.noblogs.org\/?p=785","title":{"rendered":"Brignano Gera d&#8217;Adda, sciopero dei lavoratori della logistica K+N&#8230;non \u00e8 che l&#8217;inizio&#8230;"},"content":{"rendered":"<p><a href=\"https:\/\/underground.noblogs.org\/files\/2011\/05\/keh.jpg\"><img loading=\"lazy\" decoding=\"async\" class=\"alignleft size-thumbnail wp-image-786\" src=\"https:\/\/underground.noblogs.org\/files\/2011\/05\/keh-150x150.jpg\" alt=\"\" width=\"150\" height=\"150\" \/><\/a>Una giornata estenuante che ha portato ad un primo importante risultato.<br \/>\nIniziata alle 5:00 col blocco ai cancelli Kuhene Nagel di Brignano Gera d&#8217;Adda, per lo sciopero messo in atto dai lavoratori iscritti al Cobas e poi esteso, a pi\u00f9 del 90% degli addetti grazie anche all&#8217;inaspettata adesione dei lavoratori a tempo determinato, malgrado le 100 euro extra promesse dai capi a chi fosse entrato al lavoro.<\/p>\n<p>Nonostante le provocazioni, le minacce e il tentativo (abortito) di attenuare i danni dello sciopero con una squadra di crumiri, <!--more-->alle 21:00 la dirigenza delle cooperative Proteo e Syrio \u00e8 stata costretta a scendere a patti e a firmare un verbale d&#8217;intesa che riconosce quello che fino ad oggi era sempre stato negato, ovvero, un incontro entro pochi giorni in cui affrontare i vari punti della piattaforma rivendicativa, il riconoscimento di rappresentanti dei lavoratori nel magazzino e l&#8217;assicurazione che nessun lavoratore sia sottoposto a ritorsioni per aver partecipato allo sciopero.<br \/>\nGrazie alla determinazione e all&#8217;unit\u00e0 dei lavoratori \u00e8 stata vinta una prima battaglia e l&#8217;adesione al Cobas, che \u00e8 raddoppiata nel corso della giornata, \u00e8 di buon auspicio per lotta che ci aspetta.<\/p>\n<p>SLAI COBAS per il Sindacato di Classe<br \/>\nsede Dalmine via marconi 1, 3355244902<\/p>\n<p><a href=\"http:\/\/www.radiondadurto.org\/2011\/05\/05\/bergamo-sciopero-dei-lavoratori-delle-cooperative-cbs\/\" target=\"_blank\">http:\/\/www.radiondadurto.org\/2011\/05\/05\/bergamo-sciopero-dei-lavoratori-delle-cooperative-cbs\/<\/a><\/p>\n<p>Dopo anni di umiliazioni, sfruttamento e ricatti da parte delle cooperative CBS che operano per conto del colosso della logistica Khuene + Nagel,<br \/>\ndopo l&#8217;ennesima presa in giro dei responsabili che da settimane rimandavano l&#8217;incontro richiesto dai cobas e negavano l&#8217;assemblea sindacale all&#8217;interno<br \/>\ndel magazzino, i lavoratori della KN di  hanno detto BASTA!<\/p>\n<p>SCIOPERO da stamattina al 1o turno e per tutta la giornata.<\/p>\n<p>Le cooperative stanno tentando di neutralizzare lo sciopero facendo entrare delle squadre di crumiri per chi pu\u00f2 sarebbe importante dare un sostegno immediato a questi lavoratori in presidio all&#8217;esterno del magazzino di via Copernico 11 Brignano G.d&#8217;A. BG.<\/p>\n<p>SLAI COBAS per il Sindacato di Classe<\/p>\n","protected":false},"excerpt":{"rendered":"<p>Una giornata estenuante che ha portato ad un primo importante risultato. Iniziata alle 5:00 col blocco ai cancelli Kuhene Nagel di Brignano Gera d&#8217;Adda, per lo sciopero messo in atto dai lavoratori iscritti al Cobas e poi esteso, a pi\u00f9 del 90% degli addetti grazie anche all&#8217;inaspettata adesione dei lavoratori a tempo determinato, malgrado le [&hellip;]<\/p>\n","protected":false},"author":857,"featured_media":0,"comment_status":"closed","ping_status":"open","sticky":false,"template":"","format":"standard","meta":{"footnotes":""},"categories":[5],"tags":[24,43,25],"class_list":["post-785","post","type-post","status-publish","format-standard","hentry","category-comunicati","tag-lavoratori-in-lotta","tag-migranti","tag-repressione"],"_links":{"self":[{"href":"https:\/\/underground.noblogs.org\/index.php?rest_route=\/wp\/v2\/posts\/785","targetHints":{"allow":["GET"]}}],"collection":[{"href":"https:\/\/underground.noblogs.org\/index.php?rest_route=\/wp\/v2\/posts"}],"about":[{"href":"https:\/\/underground.noblogs.org\/index.php?rest_route=\/wp\/v2\/types\/post"}],"author":[{"embeddable":true,"href":"https:\/\/underground.noblogs.org\/index.php?rest_route=\/wp\/v2\/users\/857"}],"replies":[{"embeddable":true,"href":"https:\/\/underground.noblogs.org\/index.php?rest_route=%2Fwp%2Fv2%2Fcomments&post=785"}],"version-history":[{"count":3,"href":"https:\/\/underground.noblogs.org\/index.php?rest_route=\/wp\/v2\/posts\/785\/revisions"}],"predecessor-version":[{"id":1418,"href":"https:\/\/underground.noblogs.org\/index.php?rest_route=\/wp\/v2\/posts\/785\/revisions\/1418"}],"wp:attachment":[{"href":"https:\/\/underground.noblogs.org\/index.php?rest_route=%2Fwp%2Fv2%2Fmedia&parent=785"}],"wp:term":[{"taxonomy":"category","embeddable":true,"href":"https:\/\/underground.noblogs.org\/index.php?rest_route=%2Fwp%2Fv2%2Fcategories&post=785"},{"taxonomy":"post_tag","embeddable":true,"href":"https:\/\/underground.noblogs.org\/index.php?rest_route=%2Fwp%2Fv2%2Ftags&post=785"}],"curies":[{"name":"wp","href":"https:\/\/api.w.org\/{rel}","templated":true}]}}